{"id":10578,"date":"2026-04-24T14:14:56","date_gmt":"2026-04-24T18:14:56","guid":{"rendered":"http:\/\/ae.umsa.bo\/?p=10578"},"modified":"2026-04-24T15:08:38","modified_gmt":"2026-04-24T19:08:38","slug":"celebramos-33-anos-transformando-la-educacion","status":"publish","type":"post","link":"https:\/\/ae.umsa.bo\/index.php\/2026\/04\/24\/celebramos-33-anos-transformando-la-educacion\/","title":{"rendered":"\u00a1CELEBRAMOS 33 A\u00d1OS TRANSFORMANDO LA EDUCACI\u00d3N!"},"content":{"rendered":"\n<p>El IICCA te invita a ser parte del Foro Debate sobre Educaci\u00f3n Superior, un espacio para el pensamiento cr\u00edtico y la construcci\u00f3n del futuro de nuestra universidad y nuestro pa\u00eds.<br>\ud83d\uddd3 \u00bfCu\u00e1ndo? Este martes 28 de abril.<br>\ud83d\udd58 \u00bfA qu\u00e9 hora? A partir de las 09:00 a.m.<br>\ud83d\udccd \u00bfD\u00f3nde? Paraninfo Universitario.<br>Tu participaci\u00f3n es fundamental para el desarrollo acad\u00e9mico. No faltes.<br>\u00a1INGRESO LIBRE!<br>M\u00e1s informaci\u00f3n:<br>\ud83d\udcde WhatsApp: 62363535<br>\ud83c\udf10 www.iicca.edu.bo<\/p>\n\n\n\n<iframe src=\"https:\/\/www.facebook.com\/plugins\/video.php?height=476&#038;href=https%3A%2F%2Fwww.facebook.com%2Freel%2F1363574242260089%2F&#038;show_text=false&#038;width=267&#038;t=0\" width=\"267\" height=\"476\" style=\"border:none;overflow:hidden\" scrolling=\"no\" frameborder=\"0\" allowfullscreen=\"true\" allow=\"autoplay; clipboard-write; encrypted-media; picture-in-picture; web-share\" allowFullScreen=\"true\"><\/iframe>\n\n\n\n<iframe src=\"https:\/\/www.facebook.com\/plugins\/video.php?height=476&#038;href=https%3A%2F%2Fwww.facebook.com%2Freel%2F953775887372866%2F&#038;show_text=false&#038;width=267&#038;t=0\" width=\"267\" height=\"476\" style=\"border:none;overflow:hidden\" scrolling=\"no\" frameborder=\"0\" allowfullscreen=\"true\" allow=\"autoplay; clipboard-write; encrypted-media; picture-in-picture; web-share\" allowFullScreen=\"true\"><\/iframe>\n","protected":false},"excerpt":{"rendered":"<p>El IICCA te invita a ser parte del Foro Debate sobre Educaci\u00f3n Superior, un espacio para el pensamiento cr\u00edtico y la construcci\u00f3n del futuro de nuestra universidad y nuestro pa\u00eds.\ud83d\uddd3 \u00bfCu\u00e1ndo? Este martes 28 de abril.\ud83d\udd58 \u00bfA qu\u00e9 hora? A partir de las 09:00 a.m.\ud83d\udccd \u00bfD\u00f3nde? Paraninfo Universitario.Tu participaci\u00f3n es fundamental para el desarrollo acad\u00e9mico. [&hellip;]<\/p>\n","protected":false},"author":1,"featured_media":10577,"comment_status":"closed","ping_status":"open","sticky":false,"template":"","format":"standard","meta":{"_links_to":"","_links_to_target":""},"categories":[1],"tags":[],"_links":{"self":[{"href":"https:\/\/ae.umsa.bo\/index.php\/wp-json\/wp\/v2\/posts\/10578"}],"collection":[{"href":"https:\/\/ae.umsa.bo\/index.php\/wp-json\/wp\/v2\/posts"}],"about":[{"href":"https:\/\/ae.umsa.bo\/index.php\/wp-json\/wp\/v2\/types\/post"}],"author":[{"embeddable":true,"href":"https:\/\/ae.umsa.bo\/index.php\/wp-json\/wp\/v2\/users\/1"}],"replies":[{"embeddable":true,"href":"https:\/\/ae.umsa.bo\/index.php\/wp-json\/wp\/v2\/comments?post=10578"}],"version-history":[{"count":3,"href":"https:\/\/ae.umsa.bo\/index.php\/wp-json\/wp\/v2\/posts\/10578\/revisions"}],"predecessor-version":[{"id":10581,"href":"https:\/\/ae.umsa.bo\/index.php\/wp-json\/wp\/v2\/posts\/10578\/revisions\/10581"}],"wp:featuredmedia":[{"embeddable":true,"href":"https:\/\/ae.umsa.bo\/index.php\/wp-json\/wp\/v2\/media\/10577"}],"wp:attachment":[{"href":"https:\/\/ae.umsa.bo\/index.php\/wp-json\/wp\/v2\/media?parent=10578"}],"wp:term":[{"taxonomy":"category","embeddable":true,"href":"https:\/\/ae.umsa.bo\/index.php\/wp-json\/wp\/v2\/categories?post=10578"},{"taxonomy":"post_tag","embeddable":true,"href":"https:\/\/ae.umsa.bo\/index.php\/wp-json\/wp\/v2\/tags?post=10578"}],"curies":[{"name":"wp","href":"https:\/\/api.w.org\/{rel}","templated":true}]}}