{"id":9847,"date":"2025-11-05T10:57:13","date_gmt":"2025-11-05T14:57:13","guid":{"rendered":"http:\/\/ae.umsa.bo\/?p=9847"},"modified":"2025-11-05T10:57:14","modified_gmt":"2025-11-05T14:57:14","slug":"seminario-internacional-desarrollando-la-creatividad-para-la-innovacion","status":"publish","type":"post","link":"https:\/\/ae.umsa.bo\/index.php\/2025\/11\/05\/seminario-internacional-desarrollando-la-creatividad-para-la-innovacion\/","title":{"rendered":"SEMINARIO INTERNACIONAL -\u201cDESARROLLANDO LA CREATIVIDAD PARA LA INNOVACI\u00d3N\u201d"},"content":{"rendered":"\n<p>La <strong>Carrera de Administraci\u00f3n de Empresas<\/strong> tiene el honor de invitar a toda la comunidad universitaria \u2014docentes, estudiantes y administrativos\u2014 a participar en este importante seminario, que busca promover la creatividad, la innovaci\u00f3n y el pensamiento transformador en el \u00e1mbito acad\u00e9mico y profesional.<\/p>\n\n\n\n<p>\ud83d\udc69\u200d\ud83c\udfeb En esta ocasi\u00f3n contaremos con la distinguida presencia de la <strong>Expositora SIEGRID GUILLAUMON<\/strong>, reconocida acad\u00e9mica que proviene de la <strong>Universidad de Brasilia (Brasil)<\/strong>. Su visita se enmarca en el <strong>programa de intercambio docente<\/strong> impulsado por la <strong>Asociaci\u00f3n de Universidades Grupo Montevideo (AUGM)<\/strong>, fortaleciendo los lazos de cooperaci\u00f3n internacional y el intercambio de conocimientos entre instituciones de educaci\u00f3n superior.<\/p>\n\n\n\n<p>\ud83d\udcc5 <strong>D\u00eda:<\/strong> Jueves 6 de noviembre<br>\ud83d\udd64 <strong>Hora:<\/strong> 09:30 a.m.<br>\ud83d\udccd <strong>Lugar:<\/strong> Auditorio de la Carrera \u2013 Piso 2, Edificio Antiguo<\/p>\n\n\n\n<p>\ud83d\udcac \u00a1Una oportunidad \u00fanica para ampliar horizontes, descubrir nuevas perspectivas y fomentar la innovaci\u00f3n desde la creatividad!<br>\u2728 \u00a1Los esperamos con mucho entusiasmo para compartir esta experiencia acad\u00e9mica de alto nivel!<\/p>\n","protected":false},"excerpt":{"rendered":"<p>La Carrera de Administraci\u00f3n de Empresas tiene el honor de invitar a toda la comunidad universitaria \u2014docentes, estudiantes y administrativos\u2014 a participar en este importante seminario, que busca promover la creatividad, la innovaci\u00f3n y el pensamiento transformador en el \u00e1mbito acad\u00e9mico y profesional. \ud83d\udc69\u200d\ud83c\udfeb En esta ocasi\u00f3n contaremos con la distinguida presencia de la Expositora [&hellip;]<\/p>\n","protected":false},"author":1,"featured_media":9848,"comment_status":"closed","ping_status":"open","sticky":false,"template":"","format":"standard","meta":{"_links_to":"","_links_to_target":""},"categories":[1],"tags":[],"_links":{"self":[{"href":"https:\/\/ae.umsa.bo\/index.php\/wp-json\/wp\/v2\/posts\/9847"}],"collection":[{"href":"https:\/\/ae.umsa.bo\/index.php\/wp-json\/wp\/v2\/posts"}],"about":[{"href":"https:\/\/ae.umsa.bo\/index.php\/wp-json\/wp\/v2\/types\/post"}],"author":[{"embeddable":true,"href":"https:\/\/ae.umsa.bo\/index.php\/wp-json\/wp\/v2\/users\/1"}],"replies":[{"embeddable":true,"href":"https:\/\/ae.umsa.bo\/index.php\/wp-json\/wp\/v2\/comments?post=9847"}],"version-history":[{"count":1,"href":"https:\/\/ae.umsa.bo\/index.php\/wp-json\/wp\/v2\/posts\/9847\/revisions"}],"predecessor-version":[{"id":9849,"href":"https:\/\/ae.umsa.bo\/index.php\/wp-json\/wp\/v2\/posts\/9847\/revisions\/9849"}],"wp:featuredmedia":[{"embeddable":true,"href":"https:\/\/ae.umsa.bo\/index.php\/wp-json\/wp\/v2\/media\/9848"}],"wp:attachment":[{"href":"https:\/\/ae.umsa.bo\/index.php\/wp-json\/wp\/v2\/media?parent=9847"}],"wp:term":[{"taxonomy":"category","embeddable":true,"href":"https:\/\/ae.umsa.bo\/index.php\/wp-json\/wp\/v2\/categories?post=9847"},{"taxonomy":"post_tag","embeddable":true,"href":"https:\/\/ae.umsa.bo\/index.php\/wp-json\/wp\/v2\/tags?post=9847"}],"curies":[{"name":"wp","href":"https:\/\/api.w.org\/{rel}","templated":true}]}}